{"id":618,"date":"2017-10-28T10:57:07","date_gmt":"2017-10-28T09:57:07","guid":{"rendered":"https:\/\/www.papageienfarm.de\/wordpress\/?p=618"},"modified":"2022-10-26T19:37:16","modified_gmt":"2022-10-26T18:37:16","slug":"der-letzte-nachwuchs-2017-auf-der-papageienfarm","status":"publish","type":"post","link":"https:\/\/www.papageienfarm.de\/wordpress\/?p=618","title":{"rendered":"Der letzte Nachwuchs 2017 auf der Papageienfarm"},"content":{"rendered":"<p>Eines der wohl letzten K\u00fcken, das das gro\u00dfe Gl\u00fcck hat, auf der Papageienfarm im Jahr 2017 zu schl\u00fcpfen. Denn hier werden seit \u00fcber 30 Jahren Papageien hervorragend gehalten und auch nachgez\u00fcchtet. Die Haltungsbedingungen werden durch weiterbildende Seminare, immer auf dem neusten Stand gehalten. Auch hier sieht man auf dem Bild wieder den Glanz der noch vorhandenen Eier. Dieser Glanz zeigt uns, das auch diese Eier befruchtet sind. Hoffentlich schl\u00fcpfen aus diesen Eiern auch noch K\u00fcken, so das der Erstgeschl\u00fcpfte, nicht alleine aufwachsen muss. Denn in der Gemeinschaft ist alles leichter. Auch wie bei uns Menschen. Nur manche wissen das noch nicht.<\/p>\n<div id=\"attachment_610\" style=\"width: 310px\" class=\"wp-caption alignright\"><a href=\"https:\/\/www.papageienfarm.de\/wordpress\/wp-content\/uploads\/2017\/10\/WP_20171028_10_22_58_Pro.jpg\"><img loading=\"lazy\" decoding=\"async\" aria-describedby=\"caption-attachment-610\" data-attachment-id=\"610\" data-permalink=\"https:\/\/www.papageienfarm.de\/wordpress\/?attachment_id=610\" data-orig-file=\"https:\/\/www.papageienfarm.de\/wordpress\/wp-content\/uploads\/2017\/10\/WP_20171028_10_22_58_Pro.jpg\" data-orig-size=\"4208,2368\" data-comments-opened=\"1\" data-image-meta=\"{&quot;aperture&quot;:&quot;2&quot;,&quot;credit&quot;:&quot;&quot;,&quot;camera&quot;:&quot;Lumia 640 XL Dual SIM&quot;,&quot;caption&quot;:&quot;&quot;,&quot;created_timestamp&quot;:&quot;1509186180&quot;,&quot;copyright&quot;:&quot;&quot;,&quot;focal_length&quot;:&quot;3.78&quot;,&quot;iso&quot;:&quot;64&quot;,&quot;shutter_speed&quot;:&quot;0.02&quot;,&quot;title&quot;:&quot;&quot;,&quot;orientation&quot;:&quot;1&quot;}\" data-image-title=\"WP_20171028_10_22_58_Pro\" data-image-description=\"&lt;p&gt;Meyers Papageien geh\u00f6ren zu den Langf\u00fcgelpapageien und stammen Urspr\u00fcnglich aus Afrika&lt;\/p&gt;\n\" data-image-caption=\"&lt;p&gt;Frisch geschl\u00fcpftes Baby der Meyers Papageien am 28.10.2017&lt;\/p&gt;\n\" data-large-file=\"https:\/\/www.papageienfarm.de\/wordpress\/wp-content\/uploads\/2017\/10\/WP_20171028_10_22_58_Pro-1024x576.jpg\" class=\"size-medium wp-image-610\" src=\"https:\/\/www.papageienfarm.de\/wordpress\/wp-content\/uploads\/2017\/10\/WP_20171028_10_22_58_Pro-300x169.jpg\" alt=\"\" width=\"300\" height=\"169\" srcset=\"https:\/\/www.papageienfarm.de\/wordpress\/wp-content\/uploads\/2017\/10\/WP_20171028_10_22_58_Pro-300x169.jpg 300w, https:\/\/www.papageienfarm.de\/wordpress\/wp-content\/uploads\/2017\/10\/WP_20171028_10_22_58_Pro-768x432.jpg 768w, https:\/\/www.papageienfarm.de\/wordpress\/wp-content\/uploads\/2017\/10\/WP_20171028_10_22_58_Pro-1024x576.jpg 1024w\" sizes=\"auto, (max-width: 300px) 100vw, 300px\" \/><\/a><p id=\"caption-attachment-610\" class=\"wp-caption-text\">Frisch geschl\u00fcpftes Baby der Meyers Papageien am 28.10.2017<\/p><\/div>\n","protected":false},"excerpt":{"rendered":"<p>Nachwuchs 2017 auf der Papageienfarm <a href=\"https:\/\/www.papageienfarm.de\/wordpress\/?p=618\">Weiterlesen <span class=\"meta-nav\">&rarr;<\/span><\/a><\/p>\n","protected":false},"author":1,"featured_media":0,"comment_status":"open","ping_status":"closed","sticky":false,"template":"","format":"standard","meta":{"_acf_changed":false,"jetpack_post_was_ever_published":false,"_jetpack_newsletter_access":"","_jetpack_dont_email_post_to_subs":false,"_jetpack_newsletter_tier_id":0,"_jetpack_memberships_contains_paywalled_content":false,"_jetpack_memberships_contains_paid_content":false,"footnotes":"","jetpack_publicize_message":"","jetpack_publicize_feature_enabled":true,"jetpack_social_post_already_shared":true,"jetpack_social_options":{"image_generator_settings":{"template":"highway","default_image_id":0,"font":"","enabled":false},"version":2}},"categories":[40],"tags":[89,87,77,18,27,88],"class_list":["post-618","post","type-post","status-publish","format-standard","hentry","category-unsere-kinderstube","tag-eiern","tag-haltungsbedingungen","tag-kueken","tag-papageien","tag-papageienfarm","tag-seminare"],"acf":[],"jetpack_publicize_connections":[],"jetpack_featured_media_url":"","jetpack_shortlink":"https:\/\/wp.me\/p8gTD2-9Y","jetpack-related-posts":[],"jetpack_likes_enabled":true,"jetpack_sharing_enabled":true,"_links":{"self":[{"href":"https:\/\/www.papageienfarm.de\/wordpress\/index.php?rest_route=\/wp\/v2\/posts\/618","targetHints":{"allow":["GET"]}}],"collection":[{"href":"https:\/\/www.papageienfarm.de\/wordpress\/index.php?rest_route=\/wp\/v2\/posts"}],"about":[{"href":"https:\/\/www.papageienfarm.de\/wordpress\/index.php?rest_route=\/wp\/v2\/types\/post"}],"author":[{"embeddable":true,"href":"https:\/\/www.papageienfarm.de\/wordpress\/index.php?rest_route=\/wp\/v2\/users\/1"}],"replies":[{"embeddable":true,"href":"https:\/\/www.papageienfarm.de\/wordpress\/index.php?rest_route=%2Fwp%2Fv2%2Fcomments&post=618"}],"version-history":[{"count":3,"href":"https:\/\/www.papageienfarm.de\/wordpress\/index.php?rest_route=\/wp\/v2\/posts\/618\/revisions"}],"predecessor-version":[{"id":1150,"href":"https:\/\/www.papageienfarm.de\/wordpress\/index.php?rest_route=\/wp\/v2\/posts\/618\/revisions\/1150"}],"wp:attachment":[{"href":"https:\/\/www.papageienfarm.de\/wordpress\/index.php?rest_route=%2Fwp%2Fv2%2Fmedia&parent=618"}],"wp:term":[{"taxonomy":"category","embeddable":true,"href":"https:\/\/www.papageienfarm.de\/wordpress\/index.php?rest_route=%2Fwp%2Fv2%2Fcategories&post=618"},{"taxonomy":"post_tag","embeddable":true,"href":"https:\/\/www.papageienfarm.de\/wordpress\/index.php?rest_route=%2Fwp%2Fv2%2Ftags&post=618"}],"curies":[{"name":"wp","href":"https:\/\/api.w.org\/{rel}","templated":true}]}}